[{"@context":"https:\/\/schema.org\/","@type":"Article","@id":"https:\/\/www.easygarden.cz\/dovolena-v-raji\/#Article","mainEntityOfPage":"https:\/\/www.easygarden.cz\/dovolena-v-raji\/","headline":"Dovolen\u00e1 v r\u00e1ji","name":"Dovolen\u00e1 v r\u00e1ji","description":"Jsou m\u00edsta, kter\u00e1 by \u010dlov\u011bk rozhodn\u011b mohl ozna\u010dit jako r\u00e1j. T\u011bch m\u00edst je mnoho a pokud se i v\u00e1m stane,...","datePublished":"2022-08-23","dateModified":"2023-05-09","author":{"@type":"Person","@id":"https:\/\/www.easygarden.cz\/author\/#Person","name":"","url":"https:\/\/www.easygarden.cz\/author\/","identifier":1,"image":{"@type":"ImageObject","@id":"https:\/\/secure.gravatar.com\/avatar\/6eaf701939e92690bed32d6f2e2c0f9e1355f2e3837c1fb45fbfacf848239e2d?s=96&d=mm&r=g","url":"https:\/\/secure.gravatar.com\/avatar\/6eaf701939e92690bed32d6f2e2c0f9e1355f2e3837c1fb45fbfacf848239e2d?s=96&d=mm&r=g","height":96,"width":96}},"publisher":{"@type":"Organization","name":"easygarden.cz","logo":{"@type":"ImageObject","@id":"\/logo.png","url":"\/logo.png","width":600,"height":60}},"image":{"@type":"ImageObject","@id":"https:\/\/www.easygarden.cz\/wp-content\/uploads\/m%C3%ADsto.JPG","url":"https:\/\/www.easygarden.cz\/wp-content\/uploads\/m%C3%ADsto.JPG","height":0,"width":0},"url":"https:\/\/www.easygarden.cz\/dovolena-v-raji\/","about":["Dovolen\u00e1\r"],"wordCount":428,"articleBody":"Jsou m\u00edsta, kter\u00e1 by \u010dlov\u011bk rozhodn\u011b mohl ozna\u010dit jako r\u00e1j. T\u011bch m\u00edst je mnoho a pokud se i v\u00e1m stane, \u017ee budete m\u00edt mo\u017enost vycestovat na m\u00edsto, kter\u00e9mu lid\u00e9 \u0159\u00edkaj\u00ed r\u00e1j, rozhodn\u011b byste zde m\u011bli jet.\u00a0V\u011b\u0159te, \u017ee na dan\u00e9 m\u00edsto budete vzpom\u00ednat velmi dlouho, proto\u017ee v\u0161e, co zde najdete, za to bude st\u00e1t a to v\u010detn\u011b ubytov\u00e1n\u00ed nebo stravy.\u00a0Je i v\u00e1m ur\u010dit\u011b jasn\u00e9, \u017ee pokud si \u010dlov\u011bk vyb\u00edr\u00e1 dovolenou, pak krom\u011b toho, jak to vypad\u00e1 v\u00a0okol\u00ed, by si \u010dlov\u011bk m\u011bl tak\u00e9 d\u00e1t pozor na to, jak to vypad\u00e1 v\u00a0m\u00edst\u011b, kde se \u010dlov\u011bk m\u016f\u017ee ubytovat a krom\u011b toho je\u0161t\u011b tak\u00e9 na to, zda se jedn\u00e1 o all inclusive nebo pouze polopenzi. V\u00a0p\u0159\u00edpad\u011b zahrani\u010d\u00ed je v\u017edy lep\u0161\u00ed, pokud \u010dlov\u011bk jede na all inclusive, proto\u017ee by se klidn\u011b mohlo st\u00e1t, \u017ee byste se nemuseli doplatit, pokud byste st\u00e1le chodili jen do restaurac\u00ed nebo do obchod\u016f, kde byste si nakoupili potraviny, kter\u00e9 nap\u0159\u00edklad ani nezn\u00e1te a pot\u00e9 se z\u00a0nich sna\u017eili n\u011bco vytvo\u0159it.Mnohokr\u00e1t se ji\u017e stalo, \u017ee se n\u011bkdo rozhodl jet na dovolenou s\u00a0polopenz\u00ed a pot\u00e9 toho litoval, proto\u017ee si myslel, \u017ee u\u0161et\u0159it bude dobr\u00fd n\u00e1pad. V\u00a0p\u0159\u00edpad\u011b zahrani\u010d\u00ed je ale skute\u010dn\u011b lep\u0161\u00ed si p\u0159edem p\u0159iplatit, proto\u017ee nikdy nev\u00edte, co v\u00a0obchodech v\u00a0okol\u00ed se\u017eenete a co naopak nese\u017eenete.Jsou lid\u00e9, kte\u0159\u00ed si jsou schopni vz\u00edt j\u00eddlo z\u00a0jejich domova, ale jen m\u00e1lokdo p\u0159iprav\u00ed j\u00eddlo na 14 dn\u00ed dop\u0159edu. Mohlo by se v\u00e1m to tak\u00e9 dost prodra\u017eit v\u00a0p\u0159\u00edpad\u011b, \u017ee byste let\u011bli letadlem.\u00a0I vy si m\u016f\u017eete u\u017e\u00edt dovolenou na m\u00edst\u011b, kter\u00e9 je opravdu p\u0159ekr\u00e1sn\u00e9 a nemus\u00edte \u0159e\u0161it, kdy va\u0159it a kdy neva\u0159it. \u010clov\u011bk by si m\u011bl na takov\u00e9 dovolen\u00e9 odpo\u010dinout a to od v\u0161eho a to v\u010detn\u011b va\u0159en\u00ed.\u00a0Je mnoho \u017een, kter\u00e9 jist\u011b n\u011bco takov\u00e9ho ocen\u00ed. Spolehn\u011bte se i vy na hotelovou kuchy\u0148, kter\u00e1 jist\u011b bude p\u0159ipravovat mnoho skv\u011bl\u00fdch j\u00eddel, kter\u00e9 si budete moct d\u00e1t.\u00a0U\u017e\u00edt si dovolenou se v\u0161\u00edm v\u0161udy je rozhodn\u011b pot\u0159eba. Uvid\u00edte, \u017ee se po takov\u00e9 dovolen\u00e9 budete c\u00edtit v\u00edce ne\u017e dob\u0159e.                                                                                                                                                                                                                                                                                                                                                                                        4\/5 - (11 votes)        "},{"@context":"https:\/\/schema.org\/","@type":"BreadcrumbList","itemListElement":[{"@type":"ListItem","position":1,"name":"Dovolen\u00e1 v r\u00e1ji","item":"https:\/\/www.easygarden.cz\/dovolena-v-raji\/#breadcrumbitem"}]}]