[{"@context":"https:\/\/schema.org\/","@type":"Article","@id":"https:\/\/www.easygarden.cz\/nechte-take-sve-deti-vybrat-si-obleceni\/#Article","mainEntityOfPage":"https:\/\/www.easygarden.cz\/nechte-take-sve-deti-vybrat-si-obleceni\/","headline":"Nechte tak\u00e9 sv\u00e9 d\u011bti vybrat si oble\u010den\u00ed","name":"Nechte tak\u00e9 sv\u00e9 d\u011bti vybrat si oble\u010den\u00ed","description":"Cht\u011bli byste sv\u00e9 kamar\u00e1dce, kter\u00e1 pr\u00e1v\u011b porodila mal\u00e9 miminko koupit n\u011bjak\u00fd d\u00e1rek? V\u011b\u0159te n\u00e1m, \u017ee kojeneck\u00e9ho oble\u010den\u00ed nen\u00ed snad nikdy...","datePublished":"2024-12-21","dateModified":"2024-12-21","author":{"@type":"Person","@id":"https:\/\/www.easygarden.cz\/author\/#Person","name":"","url":"https:\/\/www.easygarden.cz\/author\/","identifier":1,"image":{"@type":"ImageObject","@id":"https:\/\/secure.gravatar.com\/avatar\/6eaf701939e92690bed32d6f2e2c0f9e1355f2e3837c1fb45fbfacf848239e2d?s=96&d=mm&r=g","url":"https:\/\/secure.gravatar.com\/avatar\/6eaf701939e92690bed32d6f2e2c0f9e1355f2e3837c1fb45fbfacf848239e2d?s=96&d=mm&r=g","height":96,"width":96}},"publisher":{"@type":"Organization","name":"easygarden.cz","logo":{"@type":"ImageObject","@id":"\/logo.png","url":"\/logo.png","width":600,"height":60}},"url":"https:\/\/www.easygarden.cz\/nechte-take-sve-deti-vybrat-si-obleceni\/","wordCount":173,"articleBody":" Cht\u011bli byste sv\u00e9 kamar\u00e1dce, kter\u00e1 pr\u00e1v\u011b porodila mal\u00e9 miminko koupit n\u011bjak\u00fd d\u00e1rek? V\u011b\u0159te n\u00e1m, \u017ee kojeneck\u00e9ho oble\u010den\u00ed nen\u00ed snad nikdy dost. P\u0159esto\u017ee m\u00e1 maminka jist\u011b p\u0159ipravenou dostate\u010dnou z\u00e1sobu body, dupa\u010dek, over\u00e1lk\u016f a jin\u00e9ho kojeneck\u00e9ho oble\u010den\u00ed, miminka z n\u011bj p\u0159ekvapiv\u011b velice rychle vyrostou a je pot\u0159eba koupit nov\u00e9. Ud\u011blejte kamar\u00e1dce velkou radost a kupte j\u00ed kojeneck\u00e9 oble\u010den\u00ed, kter\u00e9 bude kvalitn\u00ed, kter\u00e9 bude m\u00edt n\u00e1pad, kter\u00e9 bude opravdu origin\u00e1ln\u00ed. Na\u0161e kojeneck\u00e9 oble\u010den\u00ed je promy\u0161len\u00e9 do posledn\u00edho detailu. D\u00e1rky pro radost a pro ka\u017edou p\u0159\u00edle\u017eitost Kojeneck\u00e9 oble\u010den\u00ed, kter\u00e9 v\u00e1m nab\u00edz\u00edme se bude va\u0161\u00ed kamar\u00e1dce velice l\u00edbit, dokonce z n\u011bj bude ur\u010dit\u011b nad\u0161ena a nav\u00edc se bude p\u0159\u00edjemn\u011b nosit i jej\u00edmu miminku, co\u017e je samoz\u0159ejm\u011b tak\u00e9 velice d\u016fle\u017eit\u00e9, ne &#8211; li nejd\u016fle\u017eit\u011bj\u0161\u00ed.                                                                                                                                                                                                                                                                                                                                                                                        5\/5 - (1 vote)        "},{"@context":"https:\/\/schema.org\/","@type":"BreadcrumbList","itemListElement":[{"@type":"ListItem","position":1,"name":"Nechte tak\u00e9 sv\u00e9 d\u011bti vybrat si oble\u010den\u00ed","item":"https:\/\/www.easygarden.cz\/nechte-take-sve-deti-vybrat-si-obleceni\/#breadcrumbitem"}]}]